{"id":27063,"date":"2023-07-18T10:45:51","date_gmt":"2023-07-18T08:45:51","guid":{"rendered":"https:\/\/wildenherbals.com\/medicina-herbaria-y-meditacion-descubriendo-el-clima-balsamico\/"},"modified":"2025-05-30T15:54:14","modified_gmt":"2025-05-30T13:54:14","slug":"medicina-herbaria-y-meditacion-descubriendo-el-clima-balsamico","status":"publish","type":"post","link":"https:\/\/wildenherbals.com\/es\/medicina-herbaria-y-meditacion-descubriendo-el-clima-balsamico\/","title":{"rendered":"Medicina herbaria y meditaci\u00f3n. Descubriendo el clima bals\u00e1mico"},"content":{"rendered":"\n<p class=\"wp-block-paragraph\">A finales de julio, cuando Mil\u00e1n empieza a vaciarse y poco a poco s\u00f3lo quedan calles desiertas y el sonido de las persianas bajando, hasta nuestro Nicola se sinti\u00f3 invadido por las ganas de salir de la ciudad. Para este a\u00f1o ten\u00eda en mente un destino particular en los Apeninos centrales, donde una l\u00ednea invisible divide Las Marcas y Umbr\u00eda.<\/p>\n\n<p class=\"wp-block-paragraph\">El programa inclu\u00eda cuatro intensos d\u00edas a pasar en el <strong>Monasterio de Fonte Avellana<\/strong> , en las faldas del monte Catria, donde se realizar\u00eda un taller de fitoterapia y meditaci\u00f3n.<\/p>\n\n<figure class=\"wp-block-gallery columns-2 is-cropped wp-block-gallery-1 is-layout-flex wp-block-gallery-is-layout-flex\"><ul class=\"blocks-gallery-grid\"><li class=\"blocks-gallery-item\"><figure><img loading=\"lazy\" decoding=\"async\" width=\"1000\" height=\"750\" src=\"https:\/\/wildenherbals.com\/wp-content\/uploads\/2021\/09\/wilden-herbals_IMG_1558-1000x750.jpg\" alt=\"\" data-id=\"11473\" data-full-url=\"https:\/\/wildenherbals.com\/wp-content\/uploads\/2021\/09\/wilden-herbals_IMG_1558-scaled.jpg\" data-link=\"https:\/\/wildenherbals.com\/?attachment_id=11473\" class=\"wp-image-11473\"\/><\/figure><\/li><li class=\"blocks-gallery-item\"><figure><img loading=\"lazy\" decoding=\"async\" width=\"1000\" height=\"750\" src=\"https:\/\/wildenherbals.com\/wp-content\/uploads\/2021\/09\/wilden-herbals_IMG_1584-1000x750.jpg\" alt=\"\" data-id=\"11475\" data-full-url=\"https:\/\/wildenherbals.com\/wp-content\/uploads\/2021\/09\/wilden-herbals_IMG_1584-scaled.jpg\" data-link=\"https:\/\/wildenherbals.com\/?attachment_id=11475\" class=\"wp-image-11475\"\/><\/figure><\/li><\/ul><\/figure>\n\n<h2 class=\"wp-block-heading\">Una lecci\u00f3n en un monasterio milenario  <\/h2>\n\n<p class=\"wp-block-paragraph\">Adem\u00e1s de la curiosidad por aprender algo nuevo sobre el inagotable mundo de las hierbas medicinales, era realmente imposible decir que no a la oportunidad de permanecer en uno de los pocos <strong>monasterios que a\u00fan hoy est\u00e1n activos<\/strong> en Italia.  <\/p>\n\n<p class=\"wp-block-paragraph\">Un hype que ha crecido a\u00fan m\u00e1s con el descubrimiento de que la ermita del monasterio de Fonte Avellana es mencionada nada menos que por Dante en su Divina Comedia, probablemente porque \u00e9l tambi\u00e9n hab\u00eda sido hu\u00e9sped hace apenas 700 a\u00f1os.<\/p>\n\n<p class=\"wp-block-paragraph\">El curso experiencial de <strong>fitoterapia y meditaci\u00f3n<\/strong> est\u00e1 a cargo de Karin Mecozzi, herbolaria de Merano con especializaciones en bot\u00e1nica y naturopat\u00eda antropos\u00f3fica con <strong>enfoque goetheano y steiner.<\/strong> <\/p>\n\n<p class=\"wp-block-paragraph\">Una introducci\u00f3n bastante compleja que nos gusta simplificar de la siguiente manera: seguir la idea de que los seres humanos y el mundo circundante no son entidades separadas, sino un mismo devenir c\u00f3smico, donde los seres humanos y sus pensamientos no son m\u00e1s que <strong>una parte de la naturaleza. en constante cambio<\/strong> .<\/p>\n\n<h2 class=\"wp-block-heading\">Una nueva conciencia<\/h2>\n\n<p class=\"wp-block-paragraph\">Durante el d\u00eda se reservaba mucho espacio para paseos a la sombra de los bosques siguiendo los pasos de los ermita\u00f1os que habitaban estos lugares. Juntos hemos aprendido a leer el paisaje que nos rodea, a conocer y reconocer las especies vegetales que componen la flora y a leer el estado de desarrollo de una planta, observando la forma de las hojas, la arquitectura, el color, la textura al tacto ya los perfumes.<\/p>\n\n<p class=\"wp-block-paragraph\">Cada paso, cada mirada, cada palabra era parte de un viaje hacia una realizaci\u00f3n m\u00e1s profunda: <strong>el ser humano es naturaleza<\/strong> .<\/p>\n\n<p class=\"wp-block-paragraph\">Nosotros mismos somos paisaje y podemos aprender a reconocernos nuevamente como naturaleza. Una concepci\u00f3n a recuperar donde, sin tener miedo a nuestra vulnerabilidad, podemos <strong>volver a sentirnos como en la naturaleza y experimentando lo salvaje<\/strong> .<\/p>\n\n<figure class=\"wp-block-gallery columns-3 is-cropped wp-block-gallery-2 is-layout-flex wp-block-gallery-is-layout-flex\"><ul class=\"blocks-gallery-grid\"><li class=\"blocks-gallery-item\"><figure><img loading=\"lazy\" decoding=\"async\" width=\"1000\" height=\"1333\" src=\"https:\/\/wildenherbals.com\/wp-content\/uploads\/2021\/09\/wilden-herbals_IMG_1583-1000x1333.jpg\" alt=\"\" data-id=\"11477\" data-full-url=\"https:\/\/wildenherbals.com\/wp-content\/uploads\/2021\/09\/wilden-herbals_IMG_1583-scaled.jpg\" data-link=\"https:\/\/wildenherbals.com\/?attachment_id=11477\" class=\"wp-image-11477\"\/><\/figure><\/li><li class=\"blocks-gallery-item\"><figure><img loading=\"lazy\" decoding=\"async\" width=\"1000\" height=\"1333\" src=\"https:\/\/wildenherbals.com\/wp-content\/uploads\/2021\/09\/wilden-herbals_IMG_1578-1000x1333.jpg\" alt=\"\" data-id=\"11479\" data-full-url=\"https:\/\/wildenherbals.com\/wp-content\/uploads\/2021\/09\/wilden-herbals_IMG_1578-scaled.jpg\" data-link=\"https:\/\/wildenherbals.com\/?attachment_id=11479\" class=\"wp-image-11479\"\/><\/figure><\/li><li class=\"blocks-gallery-item\"><figure><img loading=\"lazy\" decoding=\"async\" width=\"1000\" height=\"1333\" src=\"https:\/\/wildenherbals.com\/wp-content\/uploads\/2021\/09\/wilden-herbals_IMG_1573-1000x1333.jpg\" alt=\"\" data-id=\"11481\" data-full-url=\"https:\/\/wildenherbals.com\/wp-content\/uploads\/2021\/09\/wilden-herbals_IMG_1573-scaled.jpg\" data-link=\"https:\/\/wildenherbals.com\/?attachment_id=11481\" class=\"wp-image-11481\"\/><\/figure><\/li><\/ul><\/figure>\n\n<h2 class=\"wp-block-heading\">\u00bfQu\u00e9 significa clima bals\u00e1mico?<\/h2>\n\n<p class=\"wp-block-paragraph\">Cada planta tiene un momento en el que sus propiedades, sus aceites esenciales, su fuerza beneficiosa alcanza su punto m\u00e1ximo. La observaci\u00f3n de la vegetaci\u00f3n en diferentes latitudes, con el paso de las estaciones, nos permite desarrollar lentamente un di\u00e1logo con las plantas, o m\u00e1s bien entrar en un estado de empat\u00eda a la altura del cual es la planta misma la que sugiere ser cosechada. . Es <strong>un momento de pura magia que los herbolarios llaman <em>tiempo bals\u00e1mico<\/em> .<\/strong> Un momento dorado en el que podemos sentir a\u00fan m\u00e1s fuerte nuestro v\u00ednculo con el antiguo saber campesino que nos lo ha legado.<\/p>\n\n<h2 class=\"wp-block-heading\">Experimenta la naturaleza salvaje que llevamos dentro<\/h2>\n\n<p class=\"wp-block-paragraph\">Esta experiencia nos hizo recordar por qu\u00e9 naci\u00f3 <em>Wilden.herbals<\/em> y qu\u00e9 esp\u00edritu queremos transmitir. Es importante saber labrar y vivir el tiempo para dedicarlo a estudiar, observar, buscar lo <strong>salvaje que hay<\/strong> en cada uno de nosotros.<\/p>\n\n<p class=\"wp-block-paragraph\">Solo as\u00ed podremos compartir con todos nuestra sana y sincera imaginaci\u00f3n de saberes y sabores.<\/p>\n","protected":false},"excerpt":{"rendered":"<p>A finales de julio, cuando Mil\u00e1n empieza a vaciarse y poco a poco s\u00f3lo quedan calles desiertas y el sonido de las persianas bajando, hasta nuestro Nicola se sinti\u00f3 invadido por las ganas de salir de la ciudad. Para este a\u00f1o ten\u00eda en mente un destino particular en los Apeninos centrales, donde una l\u00ednea invisible [&hellip;]<\/p>\n","protected":false},"author":2,"featured_media":24838,"comment_status":"closed","ping_status":"closed","sticky":false,"template":"","format":"standard","meta":{"_acf_changed":false,"inline_featured_image":false,"_mbp_gutenberg_autopost":false,"footnotes":""},"categories":[497],"tags":[],"partner":[],"class_list":["post-27063","post","type-post","status-publish","format-standard","has-post-thumbnail","hentry","category-cuentos-de-la-naturaleza"],"acf":[],"_links":{"self":[{"href":"https:\/\/wildenherbals.com\/es\/wp-json\/wp\/v2\/posts\/27063","targetHints":{"allow":["GET"]}}],"collection":[{"href":"https:\/\/wildenherbals.com\/es\/wp-json\/wp\/v2\/posts"}],"about":[{"href":"https:\/\/wildenherbals.com\/es\/wp-json\/wp\/v2\/types\/post"}],"author":[{"embeddable":true,"href":"https:\/\/wildenherbals.com\/es\/wp-json\/wp\/v2\/users\/2"}],"replies":[{"embeddable":true,"href":"https:\/\/wildenherbals.com\/es\/wp-json\/wp\/v2\/comments?post=27063"}],"version-history":[{"count":1,"href":"https:\/\/wildenherbals.com\/es\/wp-json\/wp\/v2\/posts\/27063\/revisions"}],"predecessor-version":[{"id":27068,"href":"https:\/\/wildenherbals.com\/es\/wp-json\/wp\/v2\/posts\/27063\/revisions\/27068"}],"wp:featuredmedia":[{"embeddable":true,"href":"https:\/\/wildenherbals.com\/es\/wp-json\/wp\/v2\/media\/24838"}],"wp:attachment":[{"href":"https:\/\/wildenherbals.com\/es\/wp-json\/wp\/v2\/media?parent=27063"}],"wp:term":[{"taxonomy":"category","embeddable":true,"href":"https:\/\/wildenherbals.com\/es\/wp-json\/wp\/v2\/categories?post=27063"},{"taxonomy":"post_tag","embeddable":true,"href":"https:\/\/wildenherbals.com\/es\/wp-json\/wp\/v2\/tags?post=27063"},{"taxonomy":"partner","embeddable":true,"href":"https:\/\/wildenherbals.com\/es\/wp-json\/wp\/v2\/partner?post=27063"}],"curies":[{"name":"wp","href":"https:\/\/api.w.org\/{rel}","templated":true}]}}